{"id":1583,"date":"2018-02-09T10:02:04","date_gmt":"2018-02-09T09:02:04","guid":{"rendered":"http:\/\/www.vgi.it\/web\/?p=1583"},"modified":"2021-01-28T09:16:27","modified_gmt":"2021-01-28T08:16:27","slug":"passo-del-vivione","status":"publish","type":"post","link":"https:\/\/www.vgi.it\/web\/?p=1583","title":{"rendered":"Passo del Vivione"},"content":{"rendered":"<h1><a class=\"ngg-fancybox\" title=\" \" href=\"https:\/\/www.vgi.it\/web\/wp-content\/gallery\/vivione\/vivione-12.JPG\" rel=\"\" data-image-id=\"638\" data-src=\"https:\/\/www.vgi.it\/web\/wp-content\/gallery\/vivione\/vivione-12.JPG\" data-thumbnail=\"https:\/\/www.vgi.it\/web\/wp-content\/gallery\/vivione\/thumbs\/thumbs_vivione-12.JPG\" data-title=\"vivione (12)\" data-description=\" \"><img decoding=\"async\" class=\"ngg-singlepic ngg-none\" src=\"https:\/\/www.vgi.it\/web\/wp-content\/gallery\/vivione\/thumbs\/thumbs_vivione-12.JPG\" alt=\"vivione (12)\"><\/a>Il Passo del Vivione<\/h1>\n<p>un interessante viaggio da fare in gruppo con molta calma e con la voglia di godersi le vallate<\/p>\n<p>Bergamasche e Bresciane.<img loading=\"lazy\" decoding=\"async\" class=\"wp-image-2054 aligncenter\" src=\"http:\/\/www.vgi.it\/web\/wp-content\/uploads\/2016\/01\/cropped-vivione-16.jpg\" alt=\"cropped-vivione-16.jpg\" width=\"663\" height=\"194\" srcset=\"https:\/\/www.vgi.it\/web\/wp-content\/uploads\/2016\/01\/cropped-vivione-16.jpg 1200w, https:\/\/www.vgi.it\/web\/wp-content\/uploads\/2016\/01\/cropped-vivione-16-150x44.jpg 150w, https:\/\/www.vgi.it\/web\/wp-content\/uploads\/2016\/01\/cropped-vivione-16-300x88.jpg 300w, https:\/\/www.vgi.it\/web\/wp-content\/uploads\/2016\/01\/cropped-vivione-16-1024x299.jpg 1024w, https:\/\/www.vgi.it\/web\/wp-content\/uploads\/2016\/01\/cropped-vivione-16-250x73.jpg 250w\" sizes=\"auto, (max-width: 663px) 100vw, 663px\" \/><\/p>\n<p>Il <b>passo del Vivione&nbsp;<\/b>\u00e8 un valico alpino a quota 1.828&nbsp;m s.l.m. che collega la <a title=\"Val Paisco\" href=\"https:\/\/it.wikipedia.org\/wiki\/Val_Paisco\">val Paisco<\/a>, valle secondaria della <a title=\"Val Camonica\" href=\"https:\/\/it.wikipedia.org\/wiki\/Val_Camonica\">val Camonica<\/a>, alla&nbsp;<a title=\"Valle di Scalve\" href=\"https:\/\/it.wikipedia.org\/wiki\/Valle_di_Scalve\">valle di Scalve<\/a>, continuazione naturale della vallata camuna. Il passo si trova interamente nel territorio della provincia di Bergamo<\/p>\n<p>partendo dal lago di Iseo inoltrandosi nelle valli bergamasche e su su fino al passo del Vivione.<\/p>\n<p style=\"text-align: justify;\">La carrozzabile &nbsp;<a href=\"https:\/\/it.wikipedia.org\/wiki\/Strada_statale_294_della_Val_di_Scalve\">strada statale 294<\/a>, permette di raggiunge il passo con lo scooter ed \u00e8 estremamente stretta ( se un&#8217;auto e uno scooter si incrociano ci si deve fermare) e<em> il percorso viene generalmente aperta al traffico&nbsp;automobilistico&nbsp;solo durante i mesi estivi<\/em>; il percorso per gli <strong>scooteristi<\/strong> o i <strong>motociclisti<\/strong> \u00e8 molto gradevole e li immerge nel verde alpino, lasciando il sapore della pineta di alta montagna sulle ruote.<\/p>\n<h3><strong>Salita<\/strong><\/h3>\n<figure id=\"attachment_18\" aria-describedby=\"caption-attachment-18\" style=\"width: 272px\" class=\"wp-caption alignright\"><img loading=\"lazy\" decoding=\"async\" class=\"wp-image-18\" src=\"http:\/\/www.vgi.it\/web\/wp-content\/uploads\/2015\/04\/DSC_0286.jpg\" alt=\"tramonto in val Camonica\" width=\"272\" height=\"182\" srcset=\"https:\/\/www.vgi.it\/web\/wp-content\/uploads\/2015\/04\/DSC_0286.jpg 640w, https:\/\/www.vgi.it\/web\/wp-content\/uploads\/2015\/04\/DSC_0286-300x200.jpg 300w\" sizes=\"auto, (max-width: 272px) 100vw, 272px\" \/><figcaption id=\"caption-attachment-18\" class=\"wp-caption-text\">tramonto in val Camonica<\/figcaption><\/figure>\n<p style=\"text-align: justify;\">Dal lago di Iseo \u00e8 possibile arrivare in val di Scalve da Darfo. La salita si presenta regolare e con un panorama sul&nbsp;<a href=\"https:\/\/it.wikipedia.org\/wiki\/Pizzo_Camino\">pizzo Camino<\/a>&nbsp;e sul&nbsp;<a href=\"https:\/\/it.wikipedia.org\/wiki\/Cimone_della_Bagozza\">cimone della Bagozza<\/a>&nbsp;per 12&nbsp;km ed un dislivello di 728&nbsp;m , calcolando il percorso da Schilpario.<\/p>\n<p style=\"text-align: justify;\">La strada percorre inizialmente una pineta che occupa il fondovalle, ma poco dopo la localit\u00e0 di Cimalbosco e la chiesetta di Santa Barbara vi sono diversi tornanti, preludio agli ultimi chilometri, dove la carreggiata \u00e8 esposta e stretta ma il manto stradale \u00e8 ottimo e noi scooteristi ci possiamo goderci la nostra soddisfazione di essere arrivati alla nostra meta.<\/p>\n<p><em>La salita dal versante camuno<\/em> misura 20&nbsp;km se misurata da Forno Allione, quota 440&nbsp;m&nbsp;<a href=\"https:\/\/it.wikipedia.org\/wiki\/Livello_del_mare\">s.l.m.<\/a>; si snoda per i primi 15&nbsp;km nel bosco attraversando antichi borghi con&nbsp;<a href=\"https:\/\/it.wikipedia.org\/wiki\/Pendenza_topografica\">pendenza<\/a>&nbsp;sempre costante fra il 6 e l&#8217;8%. Gli ultimi chilometri sono i pi\u00f9 panoramici ma anche i pi\u00f9 difficoltosi, con pendenza costante del 12%. La tranquillit\u00e0 della zona la rende uno dei pi\u00f9 suggestivi valichi alpini.<\/p>\n<p>Per chi dovesse essere in vacanza a <a href=\"https:\/\/it.wikipedia.org\/wiki\/Borno\" target=\"_blank\" rel=\"noopener noreferrer\">Borno<\/a> o f<em>osse in zona <a href=\"https:\/\/it.wikipedia.org\/wiki\/Cronoscalata_Malegno-Borno\" target=\"_blank\" rel=\"noopener noreferrer\">Malegno-Borno<\/a> per la <a href=\"https:\/\/it.wikipedia.org\/wiki\/Cronoscalata_Malegno-Borno\" target=\"_blank\" rel=\"noopener noreferrer\">cronoscalata automobilistica<\/a><\/em>, pu\u00f2 arrivare a Schilpario con un S.P. dedicata al collegamento Borno &#8211; Schilpario, che transita, immersa in una pineta, sul costone della montagna camuna sino a Schilpario. Anche questa strada stretta, ma asfaltata, va conosciuta dagli <strong>scooteristi o motociclisti<\/strong> e la sua brevit\u00e0 non toglie nulla alla bellezza della natura che la Val Camonica mostra senza nessuna paura.<\/p>\n<p>[ngg src=&#8221;galleries&#8221; ids=&#8221;8&#8243; display=&#8221;basic_thumbnail&#8221; thumbnail_width=&#8221;180&#8243; thumbnail_height=&#8221;120&#8243; thumbnail_crop=&#8221;0&#8243;]<\/p>\n","protected":false},"excerpt":{"rendered":"<p>Il Passo del Vivione un interessante viaggio da fare in gruppo con molta calma e con la voglia di godersi [&hellip;]<\/p>\n","protected":false},"author":1,"featured_media":6478,"comment_status":"open","ping_status":"closed","sticky":false,"template":"","format":"standard","meta":{"footnotes":""},"categories":[16,10,17,12],"tags":[],"class_list":["post-1583","post","type-post","status-publish","format-standard","has-post-thumbnail","hentry","category-brescia","category-itinerari","category-lombardia","category-paesaggi-natura-e-gite"],"_links":{"self":[{"href":"https:\/\/www.vgi.it\/web\/index.php?rest_route=\/wp\/v2\/posts\/1583","targetHints":{"allow":["GET"]}}],"collection":[{"href":"https:\/\/www.vgi.it\/web\/index.php?rest_route=\/wp\/v2\/posts"}],"about":[{"href":"https:\/\/www.vgi.it\/web\/index.php?rest_route=\/wp\/v2\/types\/post"}],"author":[{"embeddable":true,"href":"https:\/\/www.vgi.it\/web\/index.php?rest_route=\/wp\/v2\/users\/1"}],"replies":[{"embeddable":true,"href":"https:\/\/www.vgi.it\/web\/index.php?rest_route=%2Fwp%2Fv2%2Fcomments&post=1583"}],"version-history":[{"count":8,"href":"https:\/\/www.vgi.it\/web\/index.php?rest_route=\/wp\/v2\/posts\/1583\/revisions"}],"predecessor-version":[{"id":7054,"href":"https:\/\/www.vgi.it\/web\/index.php?rest_route=\/wp\/v2\/posts\/1583\/revisions\/7054"}],"wp:featuredmedia":[{"embeddable":true,"href":"https:\/\/www.vgi.it\/web\/index.php?rest_route=\/wp\/v2\/media\/6478"}],"wp:attachment":[{"href":"https:\/\/www.vgi.it\/web\/index.php?rest_route=%2Fwp%2Fv2%2Fmedia&parent=1583"}],"wp:term":[{"taxonomy":"category","embeddable":true,"href":"https:\/\/www.vgi.it\/web\/index.php?rest_route=%2Fwp%2Fv2%2Fcategories&post=1583"},{"taxonomy":"post_tag","embeddable":true,"href":"https:\/\/www.vgi.it\/web\/index.php?rest_route=%2Fwp%2Fv2%2Ftags&post=1583"}],"curies":[{"name":"wp","href":"https:\/\/api.w.org\/{rel}","templated":true}]}}