{"id":7155,"date":"2023-09-22T20:16:24","date_gmt":"2023-09-22T18:16:24","guid":{"rendered":"https:\/\/www.vgi.it\/web\/?p=7155"},"modified":"2025-08-31T07:03:29","modified_gmt":"2025-08-31T05:03:29","slug":"https-www-vgi-it-web-foresta-nera-moto","status":"publish","type":"post","link":"https:\/\/www.vgi.it\/web\/?p=7155","title":{"rendered":"Foresta Nera e Alsazia\u00a0in moto"},"content":{"rendered":"\n<p><\/p>\n\n\n<h1>Foresta Nera e Alsazia\u00a0<\/h1>\n<h3>Eccoci qua, per una nuova avventura.<\/h3>\n<p>Un favoloso viaggio in gruppo nella Foresta Nera e Alsazia in sella alle nostre moto GS 1200, Integra 750 , NC 750, percorrendo due delle zone pi\u00f9 belle della Germania e Francia, la foresta nera, la strada dei cuc\u00f9 e bellissimi paesini dell\u2019Alsazia, Colmar, Strasburgo.<\/p>\n<p>IL programma:<\/p>\n<ul>\n<li>giorno 1 trasferimento a <a href=\"https:\/\/it.wikipedia.org\/wiki\/Colmar\" target=\"_blank\" rel=\"noopener noreferrer\">Colmar<\/a> clicca qui per <a href=\"https:\/\/maps.app.goo.gl\/aWMcZWVGK6oRLwo86\" target=\"_blank\" rel=\"noopener noreferrer\">mappa percorso<\/a><br \/>giorno 2 visita a Colmar (<a href=\"https:\/\/www.vgi.it\/web\/?p=7201\">link al secondo giorno<\/a>)<br \/>giorno 3 <a href=\"https:\/\/it.wikipedia.org\/wiki\/Strasburgo\" target=\"_blank\" rel=\"noopener noreferrer\">Strasburgo<\/a>, <a href=\"https:\/\/it.wikipedia.org\/wiki\/Baden-Baden\" target=\"_blank\" rel=\"noopener noreferrer\">Baden Baden<\/a>\u00a0clicca qui per <a href=\"https:\/\/maps.app.goo.gl\/okxgzDpamrxL37x47\" target=\"_blank\" rel=\"noopener noreferrer\">mappa percorso<\/a><br \/>giorno 4 foresta nera e Triberg e lago titinsee clicca qui per <a href=\"https:\/\/maps.app.goo.gl\/WJMWcCdr13LejX938\" target=\"_blank\" rel=\"noopener noreferrer\">mappa percorso<\/a><br \/>giorno 5\u00a0 Schiaffusa e Bermatingen (hotel) clicca qui per <a href=\"https:\/\/maps.app.goo.gl\/AFqdSg4gRayrn4xi6\" target=\"_blank\" rel=\"noopener noreferrer\">mappa percorso<\/a>\u00a0<br \/>giorno 6 ritorno e fine tour <a href=\"https:\/\/maps.app.goo.gl\/hWwYawDuTZhD76o49\" target=\"_blank\" rel=\"noopener noreferrer\">clicca qui per la mappa<\/a> del percorso \u00a0 \u00a0 \u00a0<br \/>\u00a0<\/li>\n<\/ul>\n<h3>La sera prima della partenza, ultimo controllo,<\/h3>\n<ul>\n<li>il bauletto pieno del necessario per l\u2019immediatezza (acqua, borsellini e borsa, 2 maglie antivento per le alpi o la pioggia),<\/li>\n<li>Nella borsa laterale tutto il necessario per pioggia, freddo e sfiga, carica telefoni, presa elettrica francese con multi usb x 2 cell,, 2 interfoni e uno libero,<\/li>\n<li>seconda borsa, vestiario necessario per 5 giorni,<\/li>\n<li>borsa anti acqua da legare sopra al bauletto con le scarpe,<\/li>\n<li>sottosella pronto soccorso medico, anti foratura guanti di riserva,<\/li>\n<li>Usb installata, porta cellulare a posto.<\/li>\n<li>MA NON ULTIMA, LA SECONDA CHIAVE PER LA MOTO IN CASO DI PERITA DELLA PRIMA\u2026.<\/li>\n<\/ul>\n<p>Ok possiamo dormire.<\/p>\n<p>Ospitaletto Bresciano ore 5.00.<br \/>Ci alziamo storditi, ma un buon caff\u00e8 triplo ci fa risorgere.<br \/>Saremo in\u00a0 4 moto, un gruppo molto affiatato.<\/p>\n<h3 style=\"text-align: center;\"><a href=\"https:\/\/stradedamoto.it\/\" target=\"_blank\" rel=\"noopener noreferrer\">Per noi la meta \u00e8 il viaggio.<\/a><\/h3>\n<h3 style=\"text-align: center;\">Viaggia piano e goditi la strada<\/h3>\n<p>Il primo giorno affronteremo la tappa di trasferimento destinazione: Colmar in Francia, il percorso prevede, dogana di Como, Lugano, stop a Lucerna, dogana Basilea, Colmar. KM 480 ore previste da google maps 6, ore<img loading=\"lazy\" decoding=\"async\" class=\"alignright wp-image-7131\" title=\"protagonisti del viaggio nella foresta nera e alsazia\" src=\"https:\/\/www.vgi.it\/web\/wp-content\/uploads\/2023\/09\/4-moto-300x225.jpg\" alt=\"Partenza Foresta nera\" width=\"307\" height=\"230\" srcset=\"https:\/\/www.vgi.it\/web\/wp-content\/uploads\/2023\/09\/4-moto-300x225.jpg 300w, https:\/\/www.vgi.it\/web\/wp-content\/uploads\/2023\/09\/4-moto-1024x768.jpg 1024w, https:\/\/www.vgi.it\/web\/wp-content\/uploads\/2023\/09\/4-moto-150x113.jpg 150w, https:\/\/www.vgi.it\/web\/wp-content\/uploads\/2023\/09\/4-moto-1536x1152.jpg 1536w, https:\/\/www.vgi.it\/web\/wp-content\/uploads\/2023\/09\/4-moto-592x444.jpg 592w, https:\/\/www.vgi.it\/web\/wp-content\/uploads\/2023\/09\/4-moto.jpg 1600w\" sizes=\"auto, (max-width: 307px) 100vw, 307px\" \/> probabili 9.<\/p>\n<p>Pronti per: Foresta Nera e Alsazia. Partenza, Via, come al solito decidiamo chi tira e chi chiude la fila. In testa ci sar\u00e0 Alessandro con Cinzia, al secondo posto Sandro alla sua prima uscita all\u2019estero, al terzo Alberto e Marina e chiudi fila Gualtiero e Annamaria. Si viaggia con un po\u2019 di fresco. Raggiungiamo Como, acquistiamo le vignette autostradali, passiamo la dogana inesistente, i cellulari vengono aggiornati per il passaggio in svizzera, vediamo Lugano dall\u2019alto e lo lasciamo alle spalle.<\/p>\n<figure id=\"attachment_7148\" aria-describedby=\"caption-attachment-7148\" style=\"width: 135px\" class=\"wp-caption alignright\"><img loading=\"lazy\" decoding=\"async\" class=\"wp-image-7148 size-medium\" title=\"Cinzia e Alessandro, navgatori e protagonisti del viaggio nella Foresta Nera e Alsazia\" src=\"https:\/\/www.vgi.it\/web\/wp-content\/uploads\/2023\/09\/IMG-20230922-WA0027-1-135x300.jpg\" alt=\"Alessandro e Cinzia\" width=\"135\" height=\"300\" srcset=\"https:\/\/www.vgi.it\/web\/wp-content\/uploads\/2023\/09\/IMG-20230922-WA0027-1-135x300.jpg 135w, https:\/\/www.vgi.it\/web\/wp-content\/uploads\/2023\/09\/IMG-20230922-WA0027-1-461x1024.jpg 461w, https:\/\/www.vgi.it\/web\/wp-content\/uploads\/2023\/09\/IMG-20230922-WA0027-1-68x150.jpg 68w, https:\/\/www.vgi.it\/web\/wp-content\/uploads\/2023\/09\/IMG-20230922-WA0027-1-691x1536.jpg 691w, https:\/\/www.vgi.it\/web\/wp-content\/uploads\/2023\/09\/IMG-20230922-WA0027-1-200x444.jpg 200w, https:\/\/www.vgi.it\/web\/wp-content\/uploads\/2023\/09\/IMG-20230922-WA0027-1.jpg 720w\" sizes=\"auto, (max-width: 135px) 100vw, 135px\" \/><figcaption id=\"caption-attachment-7148\" class=\"wp-caption-text\">Cinzia e Alessandro, navgatori e protagonisti del viaggio nella Foresta Nera e Alsazia<\/figcaption><\/figure>\n<figure id=\"attachment_7150\" aria-describedby=\"caption-attachment-7150\" style=\"width: 198px\" class=\"wp-caption alignleft\"><img loading=\"lazy\" decoding=\"async\" class=\"wp-image-7150\" title=\"Marina e Alberto, protagonisti del viaggio nella Foresta Nera e Alsazia\" src=\"https:\/\/www.vgi.it\/web\/wp-content\/uploads\/2023\/09\/Alberto-e-Marina-300x298.jpg\" alt=\"Marina e Alberto, protagonisti del viaggio nella Foresta Nera e Alsazia\" width=\"198\" height=\"197\" srcset=\"https:\/\/www.vgi.it\/web\/wp-content\/uploads\/2023\/09\/Alberto-e-Marina-300x298.jpg 300w, https:\/\/www.vgi.it\/web\/wp-content\/uploads\/2023\/09\/Alberto-e-Marina-150x150.jpg 150w, https:\/\/www.vgi.it\/web\/wp-content\/uploads\/2023\/09\/Alberto-e-Marina.jpg 364w\" sizes=\"auto, (max-width: 198px) 100vw, 198px\" \/><figcaption id=\"caption-attachment-7150\" class=\"wp-caption-text\">Marina e Alberto, protagonisti del viaggio nella Foresta Nera e Alsazia<\/figcaption><\/figure>\n<p>Il viaggio \u00e8 cominciato bene, come speravamo ha fatto un pochino freddo, solite fermate per la benzina gi\u00e0 fatte in Italia. Adesso ci attende i<a href=\"https:\/\/it.wikipedia.org\/wiki\/Galleria_stradale_del_San_Gottardo\" target=\"_blank\" rel=\"noopener noreferrer\">l traforo del San Gottardo<\/a> quindi Lucerna dove ci fermeremo. Ci fermiamo in una piccola area di sosta svizzera e conosciamo dei turisti svizzeri che arrivano dalla puglia, scambiamo qualche parola e ripartiamo per il traforo del San Gottardo. Eccolo il famoso \u201cBuco nelle\u00a0alpi\u201d 17 km di lunghezza. Basiti vediamo la fila di auto e camion che si apprestano a passare il traforo, ci dispiace per gli automobilisti fermi in colonna, ma noi lentamente passiamo a destra o in mezzo, le auto straniere che ci aprono il varco. Ho detto straniere non italiane, queste ultime hanno dei problemi ai loro sterzi!<\/p>\n<h3>Entriamo nel traforo,<\/h3>\n<p>strana esperienza, ma\u2026.. ci assale una strana sensazione la temperatura sale, sale, sale e quando siamo alla met\u00e0 del tunnel la temperatura \u00e8 insopportabile, sudiamo nelle nostre tute. Finalmente usciamo e respiriamo un po\u2019 di aria fresca. Altra sosta per bere e mangiare un panino e poi gi\u00f9 fino a Lucerna.<\/p>\n<figure id=\"attachment_7143\" aria-describedby=\"caption-attachment-7143\" style=\"width: 300px\" class=\"wp-caption alignleft\"><a href=\"https:\/\/it.wikipedia.org\/wiki\/Kapellbr%C3%BCcke\" rel=\"protagonisti del viaggio nella foresta nera e alsazia\"><img loading=\"lazy\" decoding=\"async\" class=\"wp-image-7143 size-medium\" title=\"Ponte di Lucerna\" src=\"https:\/\/www.vgi.it\/web\/wp-content\/uploads\/2023\/09\/2023-08-foresta-nera-257-300x169.jpg\" alt=\"Ponte di lucerna\" width=\"300\" height=\"169\" srcset=\"https:\/\/www.vgi.it\/web\/wp-content\/uploads\/2023\/09\/2023-08-foresta-nera-257-300x169.jpg 300w, https:\/\/www.vgi.it\/web\/wp-content\/uploads\/2023\/09\/2023-08-foresta-nera-257-1024x576.jpg 1024w, https:\/\/www.vgi.it\/web\/wp-content\/uploads\/2023\/09\/2023-08-foresta-nera-257-150x84.jpg 150w, https:\/\/www.vgi.it\/web\/wp-content\/uploads\/2023\/09\/2023-08-foresta-nera-257-1536x864.jpg 1536w, https:\/\/www.vgi.it\/web\/wp-content\/uploads\/2023\/09\/2023-08-foresta-nera-257-789x444.jpg 789w, https:\/\/www.vgi.it\/web\/wp-content\/uploads\/2023\/09\/2023-08-foresta-nera-257.jpg 1600w\" sizes=\"auto, (max-width: 300px) 100vw, 300px\" \/><\/a><figcaption id=\"caption-attachment-7143\" class=\"wp-caption-text\">magnifico ponte sel fiume a Lucerna<\/figcaption><\/figure>\n<p><a href=\"https:\/\/it.wikipedia.org\/wiki\/Lucerna\" target=\"_blank\" rel=\"noopener noreferrer\">Lucerna<\/a>: solito spogliarello da motociclista e poi andiamo a visitare lo <a href=\"https:\/\/it.wikipedia.org\/wiki\/Kapellbr%C3%BCcke\" target=\"_blank\" rel=\"noopener noreferrer\"><b>Kapellbr\u00fccke<\/b><\/a> ( non so come si pronuncia ma fa figo scriverlo), magnifico ponte in legno che attraversa il <a title=\"\" href=\"https:\/\/it.wikipedia.org\/wiki\/Reuss\">Reuss<\/a>,. Leggetevi la storia di questo ponte perch\u00e9 \u00e8 singolare.<\/p>\n<figure id=\"attachment_7151\" aria-describedby=\"caption-attachment-7151\" style=\"width: 227px\" class=\"wp-caption alignright\"><img loading=\"lazy\" decoding=\"async\" class=\"wp-image-7151\" title=\"Annamaria e Gualtiero, protagonisti del viaggio nella Foresta Nera e Alsazia\" src=\"https:\/\/www.vgi.it\/web\/wp-content\/uploads\/2023\/09\/anna-e-gualtiero-300x225.jpg\" alt=\"Annamaria e Gualtiero, protagonisti del viaggio nella Foresta Nera e Alsazia\" width=\"227\" height=\"170\" srcset=\"https:\/\/www.vgi.it\/web\/wp-content\/uploads\/2023\/09\/anna-e-gualtiero-300x225.jpg 300w, https:\/\/www.vgi.it\/web\/wp-content\/uploads\/2023\/09\/anna-e-gualtiero-150x112.jpg 150w, https:\/\/www.vgi.it\/web\/wp-content\/uploads\/2023\/09\/anna-e-gualtiero-593x444.jpg 593w, https:\/\/www.vgi.it\/web\/wp-content\/uploads\/2023\/09\/anna-e-gualtiero.jpg 980w\" sizes=\"auto, (max-width: 227px) 100vw, 227px\" \/><figcaption id=\"caption-attachment-7151\" class=\"wp-caption-text\">Annamaria e Gualtiero, protagonisti del viaggio nella Foresta Nera e Alsazia<\/figcaption><\/figure>\n<p>Ripartiamo per <a href=\"https:\/\/it.wikipedia.org\/wiki\/Basilea\" target=\"_blank\" rel=\"noopener noreferrer\">Basilea<\/a>. A Basilea ci attende la dogana svizzera, la strada ha molte corsie e svincoli, il traffico \u00e8 intensoma lento ci si ferma pi\u00f9 volte e pi\u00f9 volte ci perdiamo di vista. OK passiamo la dogana, non vediamo gli altri, acceleriamo ma non li raggiungiamo. Ci fermiamo, squilla il telefono \u00e8 Alessandro. Cia siamo persi, ognuno per la sua strada. Loro in Francia Noi in Germania e qualcuno senza telefonino.<\/p>\n<figure id=\"attachment_7152\" aria-describedby=\"caption-attachment-7152\" style=\"width: 182px\" class=\"wp-caption alignleft\"><img loading=\"lazy\" decoding=\"async\" class=\"wp-image-7152 size-medium\" title=\"Sandro, protagonista del viaggio nella Foresta Nera e Alsazia\" src=\"https:\/\/www.vgi.it\/web\/wp-content\/uploads\/2023\/09\/sandro-e1695407150799-182x300.jpg\" alt=\"Sandro, protagonista del viaggio nella Foresta Nera e Alsazia\" width=\"182\" height=\"300\" srcset=\"https:\/\/www.vgi.it\/web\/wp-content\/uploads\/2023\/09\/sandro-e1695407150799-182x300.jpg 182w, https:\/\/www.vgi.it\/web\/wp-content\/uploads\/2023\/09\/sandro-e1695407150799-622x1024.jpg 622w, https:\/\/www.vgi.it\/web\/wp-content\/uploads\/2023\/09\/sandro-e1695407150799-91x150.jpg 91w, https:\/\/www.vgi.it\/web\/wp-content\/uploads\/2023\/09\/sandro-e1695407150799-270x444.jpg 270w, https:\/\/www.vgi.it\/web\/wp-content\/uploads\/2023\/09\/sandro-e1695407150799.jpg 900w\" sizes=\"auto, (max-width: 182px) 100vw, 182px\" \/><figcaption id=\"caption-attachment-7152\" class=\"wp-caption-text\">Sandro, protagonista del viaggio nella Foresta Nera e Alsazia<\/figcaption><\/figure>\n<p>Anche per la\u00a0Foresta Nera e Alsazia,abbiamo il\u00a0piano B, accendiamo il nostro navigatore e ripartiamo. Siamo in ritardo rispetto alla programmazione del viaggio, siamo solo io e Annamaria e il buio si avvicina. Percorriamo lunghe autostrade senza limiti e poi la dogana francese ci accoglie in <a href=\"https:\/\/it.wikipedia.org\/wiki\/Alsazia\" target=\"_blank\" rel=\"noopener noreferrer\">Alsazia<\/a>, attraversiamo il Reno e poi gi\u00f9 fino a Colmar.<\/p>\n<h3>Arriviamo al nostro hotel.<\/h3>\n<figure id=\"attachment_7160\" aria-describedby=\"caption-attachment-7160\" style=\"width: 225px\" class=\"wp-caption alignright\"><img loading=\"lazy\" decoding=\"async\" class=\"wp-image-7160 size-medium\" title=\"i protagonisti del viaggio nella Foresta Nera e Alsazia, festeggiano la prima tappa.\" src=\"https:\/\/www.vgi.it\/web\/wp-content\/uploads\/2023\/09\/2023-08-foresta-nera-213-225x300.jpg\" alt=\"i protagonisti del viaggio nella Foresta Nera e Alsazia, festeggiano la prima tappa.\" width=\"225\" height=\"300\" srcset=\"https:\/\/www.vgi.it\/web\/wp-content\/uploads\/2023\/09\/2023-08-foresta-nera-213-225x300.jpg 225w, https:\/\/www.vgi.it\/web\/wp-content\/uploads\/2023\/09\/2023-08-foresta-nera-213-768x1024.jpg 768w, https:\/\/www.vgi.it\/web\/wp-content\/uploads\/2023\/09\/2023-08-foresta-nera-213-113x150.jpg 113w, https:\/\/www.vgi.it\/web\/wp-content\/uploads\/2023\/09\/2023-08-foresta-nera-213-1152x1536.jpg 1152w, https:\/\/www.vgi.it\/web\/wp-content\/uploads\/2023\/09\/2023-08-foresta-nera-213-333x444.jpg 333w, https:\/\/www.vgi.it\/web\/wp-content\/uploads\/2023\/09\/2023-08-foresta-nera-213.jpg 1536w\" sizes=\"auto, (max-width: 225px) 100vw, 225px\" \/><figcaption id=\"caption-attachment-7160\" class=\"wp-caption-text\">i protagonisti del viaggio nella Foresta Nera e Alsazia, festeggiano la prima tappa.<\/figcaption><\/figure>\n<p>Siamo soli, gli altri non ci sono, arriveranno dopo 20 minuti; hanno attraversato la citt\u00e0 e incontrato dei lavori stradali. Il gruppo si \u00e8 riunito.<\/p>\n<p>OK, check-in, assegnazione camere, prenotazione cena, doccia, eeee\u2026 gambe sotto la tavola. Birra, studiamo i piani per il giorno dopo e poi nanne. Svegli alle 8.30, 9.00 colazione.<\/p>","protected":false},"excerpt":{"rendered":"<p>Viaggio in moto in Alsazia e Foresta Nera. <\/p>\n","protected":false},"author":1,"featured_media":7159,"comment_status":"closed","ping_status":"open","sticky":false,"template":"","format":"standard","meta":{"footnotes":""},"categories":[32],"tags":[],"class_list":["post-7155","post","type-post","status-publish","format-standard","has-post-thumbnail","hentry","category-francia"],"_links":{"self":[{"href":"https:\/\/www.vgi.it\/web\/index.php?rest_route=\/wp\/v2\/posts\/7155","targetHints":{"allow":["GET"]}}],"collection":[{"href":"https:\/\/www.vgi.it\/web\/index.php?rest_route=\/wp\/v2\/posts"}],"about":[{"href":"https:\/\/www.vgi.it\/web\/index.php?rest_route=\/wp\/v2\/types\/post"}],"author":[{"embeddable":true,"href":"https:\/\/www.vgi.it\/web\/index.php?rest_route=\/wp\/v2\/users\/1"}],"replies":[{"embeddable":true,"href":"https:\/\/www.vgi.it\/web\/index.php?rest_route=%2Fwp%2Fv2%2Fcomments&post=7155"}],"version-history":[{"count":26,"href":"https:\/\/www.vgi.it\/web\/index.php?rest_route=\/wp\/v2\/posts\/7155\/revisions"}],"predecessor-version":[{"id":7256,"href":"https:\/\/www.vgi.it\/web\/index.php?rest_route=\/wp\/v2\/posts\/7155\/revisions\/7256"}],"wp:featuredmedia":[{"embeddable":true,"href":"https:\/\/www.vgi.it\/web\/index.php?rest_route=\/wp\/v2\/media\/7159"}],"wp:attachment":[{"href":"https:\/\/www.vgi.it\/web\/index.php?rest_route=%2Fwp%2Fv2%2Fmedia&parent=7155"}],"wp:term":[{"taxonomy":"category","embeddable":true,"href":"https:\/\/www.vgi.it\/web\/index.php?rest_route=%2Fwp%2Fv2%2Fcategories&post=7155"},{"taxonomy":"post_tag","embeddable":true,"href":"https:\/\/www.vgi.it\/web\/index.php?rest_route=%2Fwp%2Fv2%2Ftags&post=7155"}],"curies":[{"name":"wp","href":"https:\/\/api.w.org\/{rel}","templated":true}]}}